{"id":593,"date":"2013-02-20T23:46:13","date_gmt":"2013-02-20T22:46:13","guid":{"rendered":"http:\/\/www.artcomax.fr\/maxartpaint\/?p=593"},"modified":"2015-04-15T11:36:38","modified_gmt":"2015-04-15T11:36:38","slug":"exposition-du-28-fevrier-au-11-mars-2013","status":"publish","type":"post","link":"https:\/\/www.artcomax.fr\/maxartpaint\/exposition-du-28-fevrier-au-11-mars-2013\/","title":{"rendered":"Exposition du 28 f\u00e9vrier au 11 mars 2013"},"content":{"rendered":"<p><a href=\"http:\/\/www.artcomax.fr\/maxartpaint\/wp-content\/uploads\/2013\/02\/CartonInvitation_MaximeCLABOT_21x10_300dpi_01.jpg\"><img loading=\"lazy\" decoding=\"async\" class=\"aligncenter size-medium wp-image-4832\" src=\"http:\/\/www.artcomax.fr\/maxartpaint\/wp-content\/uploads\/2013\/02\/CartonInvitation_MaximeCLABOT_21x10_300dpi_01-300x143.jpg\" alt=\"CartonInvitation_MaximeCLABOT_21x10_300dpi_01\" width=\"300\" height=\"143\" srcset=\"https:\/\/www.artcomax.fr\/maxartpaint\/wp-content\/uploads\/2013\/02\/CartonInvitation_MaximeCLABOT_21x10_300dpi_01-300x143.jpg 300w, https:\/\/www.artcomax.fr\/maxartpaint\/wp-content\/uploads\/2013\/02\/CartonInvitation_MaximeCLABOT_21x10_300dpi_01.jpg 909w\" sizes=\"auto, (max-width: 300px) 100vw, 300px\" \/><\/a><\/p>\n","protected":false},"excerpt":{"rendered":"","protected":false},"author":1,"featured_media":4832,"comment_status":"open","ping_status":"open","sticky":false,"template":"","format":"standard","meta":{"jetpack_post_was_ever_published":false,"_jetpack_newsletter_access":"","_jetpack_dont_email_post_to_subs":false,"_jetpack_newsletter_tier_id":0,"_jetpack_memberships_contains_paywalled_content":false,"_jetpack_memberships_contains_paid_content":false,"footnotes":"","jetpack_publicize_message":"","jetpack_publicize_feature_enabled":true,"jetpack_social_post_already_shared":true,"jetpack_social_options":{"image_generator_settings":{"template":"highway","default_image_id":0,"font":"","enabled":false},"version":2}},"categories":[2,4],"tags":[],"class_list":["post-593","post","type-post","status-publish","format-standard","has-post-thumbnail","hentry","category-actualites","category-exposition"],"jetpack_publicize_connections":[],"jetpack_featured_media_url":"https:\/\/www.artcomax.fr\/maxartpaint\/wp-content\/uploads\/2013\/02\/CartonInvitation_MaximeCLABOT_21x10_300dpi_01.jpg","jetpack_sharing_enabled":true,"jetpack_shortlink":"https:\/\/wp.me\/p2RefS-9z","jetpack-related-posts":[{"id":5199,"url":"https:\/\/www.artcomax.fr\/maxartpaint\/exposition-du-18-au-21-octobre-2012-a-lespace-pierre-cardin\/","url_meta":{"origin":593,"position":0},"title":"Exposition du 18 au 21 octobre 2012 \u00e0 l&rsquo;espace Pierre Cardin","author":"maxartpaint","date":"17 octobre 2012","format":false,"excerpt":"","rel":"","context":"Dans &quot;Actualit\u00e9s&quot;","block_context":{"text":"Actualit\u00e9s","link":"https:\/\/www.artcomax.fr\/maxartpaint\/category\/actualites\/"},"img":{"alt_text":"","src":"https:\/\/i0.wp.com\/www.artcomax.fr\/maxartpaint\/wp-content\/uploads\/2012\/11\/InvitEspacePC.jpg?resize=350%2C200&ssl=1","width":350,"height":200},"classes":[]},{"id":950,"url":"https:\/\/www.artcomax.fr\/maxartpaint\/950\/","url_meta":{"origin":593,"position":1},"title":"1\u00e8re Exposition du collectif d\u2019artistes \u00ab\u00a0A\u00a0l\u2019Ouest\u00a0\u00bb en plein coeur de Paris !","author":"maxartpaint","date":"26 juin 2013","format":false,"excerpt":"Les artistes du collectif\u00a0\u201cA l\u2019Ouest\u201d exposent \u00e0 la Galerie \u201cI comme Ph\u00e9nix\u201d en plein c\u0153ur de Paris. Un \u00e9v\u00e9nement\u00a0d\u2019art contemporain\u00a0\u00e0 ne surtout pas manquer\u00a0: du jeudi 27 juin au samedi 13 juillet 2013. Maxime Clabot, Karel de Gendre, Alexis Gudzovsky, Michel Jean,\u00a0Kej,\u00a0Vladimir Kouptsov et Val\u00e9rie Luong\u00a0 ont \u00e9t\u00e9 choisis pour\u2026","rel":"","context":"Dans &quot;Actualit\u00e9s&quot;","block_context":{"text":"Actualit\u00e9s","link":"https:\/\/www.artcomax.fr\/maxartpaint\/category\/actualites\/"},"img":{"alt_text":"","src":"https:\/\/i0.wp.com\/www.artcomax.fr\/maxartpaint\/wp-content\/uploads\/2013\/06\/1371893017982.jpg?resize=350%2C200&ssl=1","width":350,"height":200,"srcset":"https:\/\/i0.wp.com\/www.artcomax.fr\/maxartpaint\/wp-content\/uploads\/2013\/06\/1371893017982.jpg?resize=350%2C200&ssl=1 1x, https:\/\/i0.wp.com\/www.artcomax.fr\/maxartpaint\/wp-content\/uploads\/2013\/06\/1371893017982.jpg?resize=525%2C300&ssl=1 1.5x"},"classes":[]},{"id":349,"url":"https:\/\/www.artcomax.fr\/maxartpaint\/nous-sommes-les-temoins-du-present\/","url_meta":{"origin":593,"position":2},"title":"Nous sommes les t\u00e9moins du pr\u00e9sent","author":"maxartpaint","date":"3 novembre 2012","format":false,"excerpt":"Titre : \u00ab Nous sommes les t\u00e9moins du pr\u00e9sent \u00bb Format : 56 x\u00a076,5 cm Support : papier Mati\u00e8re : peinture au pastel D\u00e9tails : \u00a0 \u00a0 \u00a0 \u00a0 \u00a0 \u00a0","rel":"","context":"Dans &quot;Disponibles&quot;","block_context":{"text":"Disponibles","link":"https:\/\/www.artcomax.fr\/maxartpaint\/category\/disponibles\/"},"img":{"alt_text":"","src":"https:\/\/i0.wp.com\/www.artcomax.fr\/maxartpaint\/wp-content\/uploads\/2015\/01\/NousSommesLesTemoinsDeNotrePresent.jpg?resize=350%2C200&ssl=1","width":350,"height":200,"srcset":"https:\/\/i0.wp.com\/www.artcomax.fr\/maxartpaint\/wp-content\/uploads\/2015\/01\/NousSommesLesTemoinsDeNotrePresent.jpg?resize=350%2C200&ssl=1 1x, https:\/\/i0.wp.com\/www.artcomax.fr\/maxartpaint\/wp-content\/uploads\/2015\/01\/NousSommesLesTemoinsDeNotrePresent.jpg?resize=525%2C300&ssl=1 1.5x, https:\/\/i0.wp.com\/www.artcomax.fr\/maxartpaint\/wp-content\/uploads\/2015\/01\/NousSommesLesTemoinsDeNotrePresent.jpg?resize=700%2C400&ssl=1 2x"},"classes":[]},{"id":385,"url":"https:\/\/www.artcomax.fr\/maxartpaint\/tour\/","url_meta":{"origin":593,"position":3},"title":"Tour","author":"maxartpaint","date":"3 novembre 2012","format":false,"excerpt":"Titre : \u00ab Tour \u00bb Format : 28 x 26 cm Support : papier Mati\u00e8re : peinture au pastel \u00a0","rel":"","context":"Dans &quot;Disponibles&quot;","block_context":{"text":"Disponibles","link":"https:\/\/www.artcomax.fr\/maxartpaint\/category\/disponibles\/"},"img":{"alt_text":"","src":"https:\/\/i0.wp.com\/www.artcomax.fr\/maxartpaint\/wp-content\/uploads\/2015\/01\/Tour.jpg?resize=350%2C200&ssl=1","width":350,"height":200,"srcset":"https:\/\/i0.wp.com\/www.artcomax.fr\/maxartpaint\/wp-content\/uploads\/2015\/01\/Tour.jpg?resize=350%2C200&ssl=1 1x, https:\/\/i0.wp.com\/www.artcomax.fr\/maxartpaint\/wp-content\/uploads\/2015\/01\/Tour.jpg?resize=525%2C300&ssl=1 1.5x, https:\/\/i0.wp.com\/www.artcomax.fr\/maxartpaint\/wp-content\/uploads\/2015\/01\/Tour.jpg?resize=700%2C400&ssl=1 2x"},"classes":[]},{"id":4366,"url":"https:\/\/www.artcomax.fr\/maxartpaint\/au-bord\/","url_meta":{"origin":593,"position":4},"title":"Au bord","author":"maxartpaint","date":"10 septembre 2014","format":false,"excerpt":"Titre : \u00ab Au bord \u00bb Format : 70 x 50 cm Support : papier Mati\u00e8res : fusain et peinture au pastel \u00a0","rel":"","context":"Dans &quot;Disponibles&quot;","block_context":{"text":"Disponibles","link":"https:\/\/www.artcomax.fr\/maxartpaint\/category\/disponibles\/"},"img":{"alt_text":"","src":"https:\/\/i0.wp.com\/www.artcomax.fr\/maxartpaint\/wp-content\/uploads\/2015\/01\/AuBord_700x500.jpg?resize=350%2C200&ssl=1","width":350,"height":200,"srcset":"https:\/\/i0.wp.com\/www.artcomax.fr\/maxartpaint\/wp-content\/uploads\/2015\/01\/AuBord_700x500.jpg?resize=350%2C200&ssl=1 1x, https:\/\/i0.wp.com\/www.artcomax.fr\/maxartpaint\/wp-content\/uploads\/2015\/01\/AuBord_700x500.jpg?resize=525%2C300&ssl=1 1.5x, https:\/\/i0.wp.com\/www.artcomax.fr\/maxartpaint\/wp-content\/uploads\/2015\/01\/AuBord_700x500.jpg?resize=700%2C400&ssl=1 2x"},"classes":[]},{"id":4983,"url":"https:\/\/www.artcomax.fr\/maxartpaint\/au-vert\/","url_meta":{"origin":593,"position":5},"title":"Au Vert","author":"maxartpaint","date":"21 f\u00e9vrier 2016","format":false,"excerpt":"Titre : \u00ab Au Vert \u00bb Format : 70,5 x 50 cm Support : papier Mati\u00e8res : fusain et peinture au pastel \u00a0 \u00a0 \u00a0","rel":"","context":"Dans &quot;Disponibles&quot;","block_context":{"text":"Disponibles","link":"https:\/\/www.artcomax.fr\/maxartpaint\/category\/disponibles\/"},"img":{"alt_text":"","src":"https:\/\/i0.wp.com\/www.artcomax.fr\/maxartpaint\/wp-content\/uploads\/2016\/02\/AuVert_705x500mm.jpg?resize=350%2C200&ssl=1","width":350,"height":200,"srcset":"https:\/\/i0.wp.com\/www.artcomax.fr\/maxartpaint\/wp-content\/uploads\/2016\/02\/AuVert_705x500mm.jpg?resize=350%2C200&ssl=1 1x, https:\/\/i0.wp.com\/www.artcomax.fr\/maxartpaint\/wp-content\/uploads\/2016\/02\/AuVert_705x500mm.jpg?resize=525%2C300&ssl=1 1.5x"},"classes":[]}],"_links":{"self":[{"href":"https:\/\/www.artcomax.fr\/maxartpaint\/wp-json\/wp\/v2\/posts\/593","targetHints":{"allow":["GET"]}}],"collection":[{"href":"https:\/\/www.artcomax.fr\/maxartpaint\/wp-json\/wp\/v2\/posts"}],"about":[{"href":"https:\/\/www.artcomax.fr\/maxartpaint\/wp-json\/wp\/v2\/types\/post"}],"author":[{"embeddable":true,"href":"https:\/\/www.artcomax.fr\/maxartpaint\/wp-json\/wp\/v2\/users\/1"}],"replies":[{"embeddable":true,"href":"https:\/\/www.artcomax.fr\/maxartpaint\/wp-json\/wp\/v2\/comments?post=593"}],"version-history":[{"count":2,"href":"https:\/\/www.artcomax.fr\/maxartpaint\/wp-json\/wp\/v2\/posts\/593\/revisions"}],"predecessor-version":[{"id":4834,"href":"https:\/\/www.artcomax.fr\/maxartpaint\/wp-json\/wp\/v2\/posts\/593\/revisions\/4834"}],"wp:featuredmedia":[{"embeddable":true,"href":"https:\/\/www.artcomax.fr\/maxartpaint\/wp-json\/wp\/v2\/media\/4832"}],"wp:attachment":[{"href":"https:\/\/www.artcomax.fr\/maxartpaint\/wp-json\/wp\/v2\/media?parent=593"}],"wp:term":[{"taxonomy":"category","embeddable":true,"href":"https:\/\/www.artcomax.fr\/maxartpaint\/wp-json\/wp\/v2\/categories?post=593"},{"taxonomy":"post_tag","embeddable":true,"href":"https:\/\/www.artcomax.fr\/maxartpaint\/wp-json\/wp\/v2\/tags?post=593"}],"curies":[{"name":"wp","href":"https:\/\/api.w.org\/{rel}","templated":true}]}}